{"id":9779,"date":"2024-03-20T15:57:51","date_gmt":"2024-03-20T15:57:51","guid":{"rendered":"https:\/\/www.jjtome.pt\/?p=9779"},"modified":"2024-03-20T15:57:51","modified_gmt":"2024-03-20T15:57:51","slug":"atec-open-day-jjtome-participation-2024","status":"publish","type":"post","link":"https:\/\/www.jjtome.pt\/en\/atec-open-day-jjtome-participation-2024\/","title":{"rendered":"ATEC OPEN DAY | JJTOM\u00c9 PARTICIPATION &#8211; 2024"},"content":{"rendered":"<p>JJTOM\u00c9 will be present at the next ATEC OPEN DAY! It&#8217;s the perfect opportunity to learn more about our company and the career opportunities we offer.<\/p>\n<p>Don&#8217;t miss the opportunity to chat with our team! Visit our stand and discover how we can help boost your career and achieve your professional goals!<\/p>\n<p>Date: 03\/21\/2024<br \/>\nTime: 10:00 to 19:00<br \/>\nLocation: ATEC PALMELA<\/p>\n","protected":false},"excerpt":{"rendered":"<p>JJTOM\u00c9 will be present at the next ATEC OPEN DAY! It&#8217;s the perfect opportunity to learn more about our company and the career opportunities we offer. Don&#8217;t miss the opportunity to chat with our team! Visit our stand and discover how we can help boost your career and achieve your professional goals! Date: 03\/21\/2024 Time: 10:00 to 19:00 Location: ATEC PALMELA<\/p>\n","protected":false},"author":3,"featured_media":9774,"comment_status":"closed","ping_status":"closed","sticky":false,"template":"","format":"standard","meta":{"_acf_changed":false,"footnotes":""},"categories":[81,80],"tags":[],"class_list":["post-9779","post","type-post","status-publish","format-standard","has-post-thumbnail","hentry","category-events","category-jjtome-en"],"acf":[],"yoast_head":"<!-- This site is optimized with the Yoast SEO plugin v27.5 - https:\/\/yoast.com\/product\/yoast-seo-wordpress\/ -->\n<title>ATEC OPEN DAY | JJTOM\u00c9 PARTICIPATION - 2024 - JJTOM\u00c9<\/title>\n<meta name=\"robots\" content=\"index, follow, max-snippet:-1, max-image-preview:large, max-video-preview:-1\" \/>\n<link rel=\"canonical\" href=\"https:\/\/www.jjtome.pt\/en\/atec-open-day-jjtome-participation-2024\/\" \/>\n<meta property=\"og:locale\" content=\"en_US\" \/>\n<meta property=\"og:type\" content=\"article\" \/>\n<meta property=\"og:title\" content=\"ATEC OPEN DAY | JJTOM\u00c9 PARTICIPATION - 2024 - JJTOM\u00c9\" \/>\n<meta property=\"og:description\" content=\"JJTOM\u00c9 will be present at the next ATEC OPEN DAY! It&#8217;s the perfect opportunity to learn more about our company and the career opportunities we offer. Don&#8217;t miss the opportunity to chat with our team! Visit our stand and discover how we can help boost your career and achieve your professional goals! Date: 03\/21\/2024 Time: 10:00 to 19:00 Location: ATEC PALMELA\" \/>\n<meta property=\"og:url\" content=\"https:\/\/www.jjtome.pt\/en\/atec-open-day-jjtome-participation-2024\/\" \/>\n<meta property=\"og:site_name\" content=\"JJTOM\u00c9\" \/>\n<meta property=\"article:published_time\" content=\"2024-03-20T15:57:51+00:00\" \/>\n<meta property=\"og:image\" content=\"https:\/\/www.jjtome.pt\/wp-content\/uploads\/2024\/03\/Feira-Palmela.png\" \/>\n\t<meta property=\"og:image:width\" content=\"800\" \/>\n\t<meta property=\"og:image:height\" content=\"374\" \/>\n\t<meta property=\"og:image:type\" content=\"image\/png\" \/>\n<meta name=\"author\" content=\"Marta Fonseca\" \/>\n<meta name=\"twitter:card\" content=\"summary_large_image\" \/>\n<meta name=\"twitter:label1\" content=\"Written by\" \/>\n\t<meta name=\"twitter:data1\" content=\"Marta Fonseca\" \/>\n\t<meta name=\"twitter:label2\" content=\"Est. reading time\" \/>\n\t<meta name=\"twitter:data2\" content=\"1 minute\" \/>\n<script type=\"application\/ld+json\" class=\"yoast-schema-graph\">{\"@context\":\"https:\\\/\\\/schema.org\",\"@graph\":[{\"@type\":\"Article\",\"@id\":\"https:\\\/\\\/www.jjtome.pt\\\/en\\\/atec-open-day-jjtome-participation-2024\\\/#article\",\"isPartOf\":{\"@id\":\"https:\\\/\\\/www.jjtome.pt\\\/en\\\/atec-open-day-jjtome-participation-2024\\\/\"},\"author\":{\"name\":\"Marta Fonseca\",\"@id\":\"https:\\\/\\\/www.jjtome.pt\\\/#\\\/schema\\\/person\\\/4be2e7f9682a056dee00780a19345b28\"},\"headline\":\"ATEC OPEN DAY | JJTOM\u00c9 PARTICIPATION &#8211; 2024\",\"datePublished\":\"2024-03-20T15:57:51+00:00\",\"mainEntityOfPage\":{\"@id\":\"https:\\\/\\\/www.jjtome.pt\\\/en\\\/atec-open-day-jjtome-participation-2024\\\/\"},\"wordCount\":66,\"image\":{\"@id\":\"https:\\\/\\\/www.jjtome.pt\\\/en\\\/atec-open-day-jjtome-participation-2024\\\/#primaryimage\"},\"thumbnailUrl\":\"https:\\\/\\\/www.jjtome.pt\\\/wp-content\\\/uploads\\\/2024\\\/03\\\/Feira-Palmela.png\",\"articleSection\":[\"Events\",\"JJTOM\u00c9\"],\"inLanguage\":\"en-US\"},{\"@type\":\"WebPage\",\"@id\":\"https:\\\/\\\/www.jjtome.pt\\\/en\\\/atec-open-day-jjtome-participation-2024\\\/\",\"url\":\"https:\\\/\\\/www.jjtome.pt\\\/en\\\/atec-open-day-jjtome-participation-2024\\\/\",\"name\":\"ATEC OPEN DAY | JJTOM\u00c9 PARTICIPATION - 2024 - JJTOM\u00c9\",\"isPartOf\":{\"@id\":\"https:\\\/\\\/www.jjtome.pt\\\/#website\"},\"primaryImageOfPage\":{\"@id\":\"https:\\\/\\\/www.jjtome.pt\\\/en\\\/atec-open-day-jjtome-participation-2024\\\/#primaryimage\"},\"image\":{\"@id\":\"https:\\\/\\\/www.jjtome.pt\\\/en\\\/atec-open-day-jjtome-participation-2024\\\/#primaryimage\"},\"thumbnailUrl\":\"https:\\\/\\\/www.jjtome.pt\\\/wp-content\\\/uploads\\\/2024\\\/03\\\/Feira-Palmela.png\",\"datePublished\":\"2024-03-20T15:57:51+00:00\",\"author\":{\"@id\":\"https:\\\/\\\/www.jjtome.pt\\\/#\\\/schema\\\/person\\\/4be2e7f9682a056dee00780a19345b28\"},\"breadcrumb\":{\"@id\":\"https:\\\/\\\/www.jjtome.pt\\\/en\\\/atec-open-day-jjtome-participation-2024\\\/#breadcrumb\"},\"inLanguage\":\"en-US\",\"potentialAction\":[{\"@type\":\"ReadAction\",\"target\":[\"https:\\\/\\\/www.jjtome.pt\\\/en\\\/atec-open-day-jjtome-participation-2024\\\/\"]}]},{\"@type\":\"ImageObject\",\"inLanguage\":\"en-US\",\"@id\":\"https:\\\/\\\/www.jjtome.pt\\\/en\\\/atec-open-day-jjtome-participation-2024\\\/#primaryimage\",\"url\":\"https:\\\/\\\/www.jjtome.pt\\\/wp-content\\\/uploads\\\/2024\\\/03\\\/Feira-Palmela.png\",\"contentUrl\":\"https:\\\/\\\/www.jjtome.pt\\\/wp-content\\\/uploads\\\/2024\\\/03\\\/Feira-Palmela.png\",\"width\":800,\"height\":374},{\"@type\":\"BreadcrumbList\",\"@id\":\"https:\\\/\\\/www.jjtome.pt\\\/en\\\/atec-open-day-jjtome-participation-2024\\\/#breadcrumb\",\"itemListElement\":[{\"@type\":\"ListItem\",\"position\":1,\"name\":\"In\u00edcio\",\"item\":\"https:\\\/\\\/www.jjtome.pt\\\/en\\\/\"},{\"@type\":\"ListItem\",\"position\":2,\"name\":\"ATEC OPEN DAY | JJTOM\u00c9 PARTICIPATION &#8211; 2024\"}]},{\"@type\":\"WebSite\",\"@id\":\"https:\\\/\\\/www.jjtome.pt\\\/#website\",\"url\":\"https:\\\/\\\/www.jjtome.pt\\\/\",\"name\":\"JJTOM\u00c9\",\"description\":\"EIFFAGE\",\"potentialAction\":[{\"@type\":\"SearchAction\",\"target\":{\"@type\":\"EntryPoint\",\"urlTemplate\":\"https:\\\/\\\/www.jjtome.pt\\\/?s={search_term_string}\"},\"query-input\":{\"@type\":\"PropertyValueSpecification\",\"valueRequired\":true,\"valueName\":\"search_term_string\"}}],\"inLanguage\":\"en-US\"},{\"@type\":\"Person\",\"@id\":\"https:\\\/\\\/www.jjtome.pt\\\/#\\\/schema\\\/person\\\/4be2e7f9682a056dee00780a19345b28\",\"name\":\"Marta Fonseca\",\"image\":{\"@type\":\"ImageObject\",\"inLanguage\":\"en-US\",\"@id\":\"https:\\\/\\\/secure.gravatar.com\\\/avatar\\\/4ff5b0fa44e871272b7cac1a8647cbb2ecedfe1beaaa89cecb0b085fb6243e69?s=96&d=mm&r=g\",\"url\":\"https:\\\/\\\/secure.gravatar.com\\\/avatar\\\/4ff5b0fa44e871272b7cac1a8647cbb2ecedfe1beaaa89cecb0b085fb6243e69?s=96&d=mm&r=g\",\"contentUrl\":\"https:\\\/\\\/secure.gravatar.com\\\/avatar\\\/4ff5b0fa44e871272b7cac1a8647cbb2ecedfe1beaaa89cecb0b085fb6243e69?s=96&d=mm&r=g\",\"caption\":\"Marta Fonseca\"},\"url\":\"https:\\\/\\\/www.jjtome.pt\\\/en\\\/author\\\/martafonseca\\\/\"}]}<\/script>\n<!-- \/ Yoast SEO plugin. -->","yoast_head_json":{"title":"ATEC OPEN DAY | JJTOM\u00c9 PARTICIPATION - 2024 - JJTOM\u00c9","robots":{"index":"index","follow":"follow","max-snippet":"max-snippet:-1","max-image-preview":"max-image-preview:large","max-video-preview":"max-video-preview:-1"},"canonical":"https:\/\/www.jjtome.pt\/en\/atec-open-day-jjtome-participation-2024\/","og_locale":"en_US","og_type":"article","og_title":"ATEC OPEN DAY | JJTOM\u00c9 PARTICIPATION - 2024 - JJTOM\u00c9","og_description":"JJTOM\u00c9 will be present at the next ATEC OPEN DAY! It&#8217;s the perfect opportunity to learn more about our company and the career opportunities we offer. Don&#8217;t miss the opportunity to chat with our team! Visit our stand and discover how we can help boost your career and achieve your professional goals! Date: 03\/21\/2024 Time: 10:00 to 19:00 Location: ATEC PALMELA","og_url":"https:\/\/www.jjtome.pt\/en\/atec-open-day-jjtome-participation-2024\/","og_site_name":"JJTOM\u00c9","article_published_time":"2024-03-20T15:57:51+00:00","og_image":[{"width":800,"height":374,"url":"https:\/\/www.jjtome.pt\/wp-content\/uploads\/2024\/03\/Feira-Palmela.png","type":"image\/png"}],"author":"Marta Fonseca","twitter_card":"summary_large_image","twitter_misc":{"Written by":"Marta Fonseca","Est. reading time":"1 minute"},"schema":{"@context":"https:\/\/schema.org","@graph":[{"@type":"Article","@id":"https:\/\/www.jjtome.pt\/en\/atec-open-day-jjtome-participation-2024\/#article","isPartOf":{"@id":"https:\/\/www.jjtome.pt\/en\/atec-open-day-jjtome-participation-2024\/"},"author":{"name":"Marta Fonseca","@id":"https:\/\/www.jjtome.pt\/#\/schema\/person\/4be2e7f9682a056dee00780a19345b28"},"headline":"ATEC OPEN DAY | JJTOM\u00c9 PARTICIPATION &#8211; 2024","datePublished":"2024-03-20T15:57:51+00:00","mainEntityOfPage":{"@id":"https:\/\/www.jjtome.pt\/en\/atec-open-day-jjtome-participation-2024\/"},"wordCount":66,"image":{"@id":"https:\/\/www.jjtome.pt\/en\/atec-open-day-jjtome-participation-2024\/#primaryimage"},"thumbnailUrl":"https:\/\/www.jjtome.pt\/wp-content\/uploads\/2024\/03\/Feira-Palmela.png","articleSection":["Events","JJTOM\u00c9"],"inLanguage":"en-US"},{"@type":"WebPage","@id":"https:\/\/www.jjtome.pt\/en\/atec-open-day-jjtome-participation-2024\/","url":"https:\/\/www.jjtome.pt\/en\/atec-open-day-jjtome-participation-2024\/","name":"ATEC OPEN DAY | JJTOM\u00c9 PARTICIPATION - 2024 - JJTOM\u00c9","isPartOf":{"@id":"https:\/\/www.jjtome.pt\/#website"},"primaryImageOfPage":{"@id":"https:\/\/www.jjtome.pt\/en\/atec-open-day-jjtome-participation-2024\/#primaryimage"},"image":{"@id":"https:\/\/www.jjtome.pt\/en\/atec-open-day-jjtome-participation-2024\/#primaryimage"},"thumbnailUrl":"https:\/\/www.jjtome.pt\/wp-content\/uploads\/2024\/03\/Feira-Palmela.png","datePublished":"2024-03-20T15:57:51+00:00","author":{"@id":"https:\/\/www.jjtome.pt\/#\/schema\/person\/4be2e7f9682a056dee00780a19345b28"},"breadcrumb":{"@id":"https:\/\/www.jjtome.pt\/en\/atec-open-day-jjtome-participation-2024\/#breadcrumb"},"inLanguage":"en-US","potentialAction":[{"@type":"ReadAction","target":["https:\/\/www.jjtome.pt\/en\/atec-open-day-jjtome-participation-2024\/"]}]},{"@type":"ImageObject","inLanguage":"en-US","@id":"https:\/\/www.jjtome.pt\/en\/atec-open-day-jjtome-participation-2024\/#primaryimage","url":"https:\/\/www.jjtome.pt\/wp-content\/uploads\/2024\/03\/Feira-Palmela.png","contentUrl":"https:\/\/www.jjtome.pt\/wp-content\/uploads\/2024\/03\/Feira-Palmela.png","width":800,"height":374},{"@type":"BreadcrumbList","@id":"https:\/\/www.jjtome.pt\/en\/atec-open-day-jjtome-participation-2024\/#breadcrumb","itemListElement":[{"@type":"ListItem","position":1,"name":"In\u00edcio","item":"https:\/\/www.jjtome.pt\/en\/"},{"@type":"ListItem","position":2,"name":"ATEC OPEN DAY | JJTOM\u00c9 PARTICIPATION &#8211; 2024"}]},{"@type":"WebSite","@id":"https:\/\/www.jjtome.pt\/#website","url":"https:\/\/www.jjtome.pt\/","name":"JJTOM\u00c9","description":"EIFFAGE","potentialAction":[{"@type":"SearchAction","target":{"@type":"EntryPoint","urlTemplate":"https:\/\/www.jjtome.pt\/?s={search_term_string}"},"query-input":{"@type":"PropertyValueSpecification","valueRequired":true,"valueName":"search_term_string"}}],"inLanguage":"en-US"},{"@type":"Person","@id":"https:\/\/www.jjtome.pt\/#\/schema\/person\/4be2e7f9682a056dee00780a19345b28","name":"Marta Fonseca","image":{"@type":"ImageObject","inLanguage":"en-US","@id":"https:\/\/secure.gravatar.com\/avatar\/4ff5b0fa44e871272b7cac1a8647cbb2ecedfe1beaaa89cecb0b085fb6243e69?s=96&d=mm&r=g","url":"https:\/\/secure.gravatar.com\/avatar\/4ff5b0fa44e871272b7cac1a8647cbb2ecedfe1beaaa89cecb0b085fb6243e69?s=96&d=mm&r=g","contentUrl":"https:\/\/secure.gravatar.com\/avatar\/4ff5b0fa44e871272b7cac1a8647cbb2ecedfe1beaaa89cecb0b085fb6243e69?s=96&d=mm&r=g","caption":"Marta Fonseca"},"url":"https:\/\/www.jjtome.pt\/en\/author\/martafonseca\/"}]}},"_links":{"self":[{"href":"https:\/\/www.jjtome.pt\/en\/wp-json\/wp\/v2\/posts\/9779","targetHints":{"allow":["GET"]}}],"collection":[{"href":"https:\/\/www.jjtome.pt\/en\/wp-json\/wp\/v2\/posts"}],"about":[{"href":"https:\/\/www.jjtome.pt\/en\/wp-json\/wp\/v2\/types\/post"}],"author":[{"embeddable":true,"href":"https:\/\/www.jjtome.pt\/en\/wp-json\/wp\/v2\/users\/3"}],"replies":[{"embeddable":true,"href":"https:\/\/www.jjtome.pt\/en\/wp-json\/wp\/v2\/comments?post=9779"}],"version-history":[{"count":1,"href":"https:\/\/www.jjtome.pt\/en\/wp-json\/wp\/v2\/posts\/9779\/revisions"}],"predecessor-version":[{"id":9780,"href":"https:\/\/www.jjtome.pt\/en\/wp-json\/wp\/v2\/posts\/9779\/revisions\/9780"}],"wp:featuredmedia":[{"embeddable":true,"href":"https:\/\/www.jjtome.pt\/en\/wp-json\/wp\/v2\/media\/9774"}],"wp:attachment":[{"href":"https:\/\/www.jjtome.pt\/en\/wp-json\/wp\/v2\/media?parent=9779"}],"wp:term":[{"taxonomy":"category","embeddable":true,"href":"https:\/\/www.jjtome.pt\/en\/wp-json\/wp\/v2\/categories?post=9779"},{"taxonomy":"post_tag","embeddable":true,"href":"https:\/\/www.jjtome.pt\/en\/wp-json\/wp\/v2\/tags?post=9779"}],"curies":[{"name":"wp","href":"https:\/\/api.w.org\/{rel}","templated":true}]}}